{"id":535,"date":"2013-03-13T16:51:25","date_gmt":"2013-03-13T15:51:25","guid":{"rendered":"http:\/\/jusosbamberg.wordpress.com\/?p=535"},"modified":"2013-03-13T16:51:25","modified_gmt":"2013-03-13T15:51:25","slug":"bezirkskonferenz-2013","status":"publish","type":"post","link":"https:\/\/stadt.jusosbamberg.de\/?p=535","title":{"rendered":"Was wir letzten Monat getan haben &#8230;"},"content":{"rendered":"<p>\t\t\t\tAm 2. Februar fand die diesj\u00e4hrige Bezirkskonferenz der Jusos Oberfranken im Textilmuseum in Helmbrechts statt. Die Bamberger Jusos waren mit einer starken Delegation vertreten. Schwerpunkt der Beko 2013 war Jugendarbeit in Oberfranken.<br \/>\nPassen zu unserem Themenschwerpunkt &#8222;AsylbewerberInnen in Bamberg&#8220; konnten wir einen Antrag zum Thema Asylpolitik einbringen, der mit gro\u00dfer Zustimmung angenommen wurde. In diesem Antrag sprechen wir uns f\u00fcr die Abschaffung der Wertgutscheine, die Unschuldsvermutung als Grundlage eines Asylverfahrens und f\u00fcr die Schaffung einer Europ\u00e4ischen Asylbeh\u00f6rde aus. Au\u00dferdem fordern wir die gesetzliche Verankerung erweiterter Asylgr\u00fcnde und die Wiederherstellung des Asylgrundrechts. Damit wir endlich wieder Asyl bieten k\u00f6nnen, das diesen Namen auch verdient!<br \/>\nBei den Vorstandswahlen konnten wir erreichen, dass der Bamberger Juso Claas Meyer zum stellvertretenden Vorsitzenden gew\u00e4hlt wurde. Mit Sophia L\u00f6sche f\u00fcr Bamberg-Stadt und Florian Hillebrand f\u00fcr Bamberg-Land als BeisitzerInnen sind zwei weitere Jusos aus der Region im Vorstand der Jusos Oberfranken vertreten.<br \/>\nAm 23. und 24. M\u00e4rz findet die diesj\u00e4hrige Landeskonferenz der Jusos-Bayern in N\u00fcrnberg mit den Schwerpunkten Wahlkampfgestaltung und Asylpolitik statt. Auch dort werden wir mit einer starken Delegation teilnehmen. \t\t<\/p>\n","protected":false},"excerpt":{"rendered":"<p>Am 2. Februar fand die diesj\u00e4hrige Bezirkskonferenz der Jusos Oberfranken im Textilmuseum in Helmbrechts statt. Die Bamberger Jusos waren mit einer starken [&hellip;]<\/p>\n","protected":false},"author":2,"featured_media":0,"comment_status":"open","ping_status":"open","sticky":false,"template":"","format":"standard","meta":{"_jetpack_memberships_contains_paid_content":false,"footnotes":""},"categories":[4,13],"tags":[32,35,41,50,89,109],"class_list":["post-535","post","type-post","status-publish","format-standard","hentry","category-beko","category-jusos","tag-asylpolitik","tag-bayern","tag-claas-meyer","tag-florian-hillebrand","tag-oberfranken","tag-sophia-losche"],"jetpack_featured_media_url":"","jetpack_sharing_enabled":true,"_links":{"self":[{"href":"https:\/\/stadt.jusosbamberg.de\/index.php?rest_route=\/wp\/v2\/posts\/535","targetHints":{"allow":["GET"]}}],"collection":[{"href":"https:\/\/stadt.jusosbamberg.de\/index.php?rest_route=\/wp\/v2\/posts"}],"about":[{"href":"https:\/\/stadt.jusosbamberg.de\/index.php?rest_route=\/wp\/v2\/types\/post"}],"author":[{"embeddable":true,"href":"https:\/\/stadt.jusosbamberg.de\/index.php?rest_route=\/wp\/v2\/users\/2"}],"replies":[{"embeddable":true,"href":"https:\/\/stadt.jusosbamberg.de\/index.php?rest_route=%2Fwp%2Fv2%2Fcomments&post=535"}],"version-history":[{"count":0,"href":"https:\/\/stadt.jusosbamberg.de\/index.php?rest_route=\/wp\/v2\/posts\/535\/revisions"}],"wp:attachment":[{"href":"https:\/\/stadt.jusosbamberg.de\/index.php?rest_route=%2Fwp%2Fv2%2Fmedia&parent=535"}],"wp:term":[{"taxonomy":"category","embeddable":true,"href":"https:\/\/stadt.jusosbamberg.de\/index.php?rest_route=%2Fwp%2Fv2%2Fcategories&post=535"},{"taxonomy":"post_tag","embeddable":true,"href":"https:\/\/stadt.jusosbamberg.de\/index.php?rest_route=%2Fwp%2Fv2%2Ftags&post=535"}],"curies":[{"name":"wp","href":"https:\/\/api.w.org\/{rel}","templated":true}]}}