{"id":628,"date":"2013-07-29T12:30:38","date_gmt":"2013-07-29T11:30:38","guid":{"rendered":"http:\/\/jusosbamberg.wordpress.com\/?p=628"},"modified":"2013-07-29T12:30:38","modified_gmt":"2013-07-29T11:30:38","slug":"semesterruckblick-der-juso-hsg","status":"publish","type":"post","link":"https:\/\/stadt.jusosbamberg.de\/?p=628","title":{"rendered":"Semesterr\u00fcckblick der Juso-HSG"},"content":{"rendered":"<p>\t\t\t\tLetzten Montag traf sich die Juso-Hochschulgruppe der Uni Bamberg zum letzten Mal in diesem Semester. Leider war das die letzte Sitzung der stellvertretenden Sprecherin Lisa, die sich von der aktiven Arbeit in der Hochschulgruppe zur\u00fcckzieht. Wir danken Lisa f\u00fcr die Zeit, die sie mit uns verbracht hat und die Arbeit, die sie in die Hochschulgruppe gesteckt hat und w\u00fcnschen ihr alles Gute.<br \/>\nDas Semester ging also etwas traurig zu Ende, dabei k\u00f6nnen wir auf ein sehr aktives halbes Jahr zur\u00fcckblicken.<br \/>\nWie jedes Semester waren wir zu Beginn bei den Erstsemester-Einf\u00fchrungstagen und haben so einige neue Mitglieder zu unserem Schnupperabend begr\u00fc\u00dfen k\u00f6nnen.\u00a0 <a href=\"http:\/\/jusosbamberg.files.wordpress.com\/2013\/07\/2013-04-10-10-20-54.jpg\"><img data-recalc-dims=\"1\" fetchpriority=\"high\" decoding=\"async\" class=\"alignright size-medium wp-image-629\" alt=\"SAMSUNG\" src=\"http:\/\/jusosbamberg.files.wordpress.com\/2013\/07\/2013-04-10-10-20-54.jpg?w=300&#038;resize=300%2C225\" width=\"300\" height=\"225\" srcset=\"https:\/\/i0.wp.com\/stadt.jusosbamberg.de\/wp-content\/uploads\/2013\/07\/2013-04-10-10-20-54.jpg?w=640&amp;ssl=1 640w, https:\/\/i0.wp.com\/stadt.jusosbamberg.de\/wp-content\/uploads\/2013\/07\/2013-04-10-10-20-54.jpg?resize=300%2C225&amp;ssl=1 300w, https:\/\/i0.wp.com\/stadt.jusosbamberg.de\/wp-content\/uploads\/2013\/07\/2013-04-10-10-20-54.jpg?resize=230%2C173&amp;ssl=1 230w, https:\/\/i0.wp.com\/stadt.jusosbamberg.de\/wp-content\/uploads\/2013\/07\/2013-04-10-10-20-54.jpg?resize=350%2C263&amp;ssl=1 350w, https:\/\/i0.wp.com\/stadt.jusosbamberg.de\/wp-content\/uploads\/2013\/07\/2013-04-10-10-20-54.jpg?resize=480%2C360&amp;ssl=1 480w\" sizes=\"(max-width: 300px) 100vw, 300px\" \/><\/a><\/p>\n<p>Gemeinsam haben wir einen neuen Roten Reiter ver\u00f6ffentlichen k\u00f6nnen, dessen Artikel ihr genauso wie die alten<a href=\"http:\/\/roterreiter.wordpress.com\"> hier <\/a>nachlesen k\u00f6nnt.<br \/>\nIm Studentischen Konvent brachte unsere Fraktion einige Antr\u00e4ge ein. So wurde die Stellungnahme zur Verfassten Studierendenschaft und die Solidarit\u00e4tserkl\u00e4rung mit dem SDS W\u00fcrzburg auf unser Hinwirken hin verabschiedet. Auch die letzte Stellungnahme zur Sperrstundendiskussion hat ein Mitglied unserer Fraktion geschrieben.<br \/>\nDas Protestcamp f\u00fcr die Wiedereinf\u00fchrung der Verfassten Studierendenschaft in Bayern wurde nicht nur von einigen Mitgliedern unserer HSG ma\u00dfgeblich organisiert, wir als Hochschulgruppe haben das Camp nat\u00fcrlich auch tatkr\u00e4ftig unterst\u00fctzt.<br \/>\nWir hatten eine Picknick-Aktion an der Uni, um auf den Stress und den Pr\u00fcfungsdruck aufmerksam zu machen, den das Bachelor-Master-System mit sich gebracht hat. <a href=\"http:\/\/jusosbamberg.files.wordpress.com\/2013\/07\/2013-06-05-15-29-11.jpg\"><img data-recalc-dims=\"1\" decoding=\"async\" class=\"alignright size-medium wp-image-630\" alt=\"SAMSUNG\" src=\"http:\/\/jusosbamberg.files.wordpress.com\/2013\/07\/2013-06-05-15-29-11.jpg?w=300&#038;resize=300%2C225\" width=\"300\" height=\"225\" srcset=\"https:\/\/i0.wp.com\/stadt.jusosbamberg.de\/wp-content\/uploads\/2013\/07\/2013-06-05-15-29-11.jpg?w=640&amp;ssl=1 640w, https:\/\/i0.wp.com\/stadt.jusosbamberg.de\/wp-content\/uploads\/2013\/07\/2013-06-05-15-29-11.jpg?resize=300%2C225&amp;ssl=1 300w, https:\/\/i0.wp.com\/stadt.jusosbamberg.de\/wp-content\/uploads\/2013\/07\/2013-06-05-15-29-11.jpg?resize=230%2C173&amp;ssl=1 230w, https:\/\/i0.wp.com\/stadt.jusosbamberg.de\/wp-content\/uploads\/2013\/07\/2013-06-05-15-29-11.jpg?resize=350%2C263&amp;ssl=1 350w, https:\/\/i0.wp.com\/stadt.jusosbamberg.de\/wp-content\/uploads\/2013\/07\/2013-06-05-15-29-11.jpg?resize=480%2C360&amp;ssl=1 480w\" sizes=\"(max-width: 300px) 100vw, 300px\" \/><\/a><br \/>\nZum Auftakt unseres Wahlkampfes kam dann der Juso-Hochschulgruppen-Bus mit Mitgliedern des Bundesvorstandes nach Bamberg. Der damit eingel\u00e4utete Wahlkampf und die Hochschulwahlen verliefen sehr gut. Mit f\u00fcnf Sitzen werden wir im n\u00e4chsten Jahr im Studentischen Konvent vertreten sein und mit Yasin Cetin den stellvertretenden Vorsitzenden stellen.<\/p>\n<p>Insgesamt k\u00f6nnen wir auf ein sehr erfolgreiches und ergiebiges Semester zur\u00fcckblicken, auf viele spannende, lustige und zeitweise feuchtfr\u00f6hliche Sitzungen und eine erfolgreiche Hochschulwahl.<br \/>\nWir Hochschulgr\u00fcppler*innen machen jetzt erstmal Urlaub und melden uns dann sp\u00e4testens zum Wintersemesterstart wieder.\t\t<\/p>\n","protected":false},"excerpt":{"rendered":"<p>Letzten Montag traf sich die Juso-Hochschulgruppe der Uni Bamberg zum letzten Mal in diesem Semester. Leider war das die letzte Sitzung der [&hellip;]<\/p>\n","protected":false},"author":2,"featured_media":631,"comment_status":"open","ping_status":"open","sticky":false,"template":"","format":"standard","meta":{"_jetpack_memberships_contains_paid_content":false,"footnotes":""},"categories":[3,11,12,21],"tags":[59,62,71,99,114,129],"class_list":["post-628","post","type-post","status-publish","format-standard","has-post-thumbnail","hentry","category-bamberg","category-hochschulpolitik","category-hochschulwahl","category-ruckblick","tag-hochschulwahlen","tag-hsg","tag-konvent","tag-roter-reiter","tag-ss13","tag-yasin-cetin"],"jetpack_featured_media_url":"https:\/\/i0.wp.com\/stadt.jusosbamberg.de\/wp-content\/uploads\/2013\/07\/2013-06-10-13-21-02.jpg?fit=640%2C480&ssl=1","jetpack_sharing_enabled":true,"_links":{"self":[{"href":"https:\/\/stadt.jusosbamberg.de\/index.php?rest_route=\/wp\/v2\/posts\/628","targetHints":{"allow":["GET"]}}],"collection":[{"href":"https:\/\/stadt.jusosbamberg.de\/index.php?rest_route=\/wp\/v2\/posts"}],"about":[{"href":"https:\/\/stadt.jusosbamberg.de\/index.php?rest_route=\/wp\/v2\/types\/post"}],"author":[{"embeddable":true,"href":"https:\/\/stadt.jusosbamberg.de\/index.php?rest_route=\/wp\/v2\/users\/2"}],"replies":[{"embeddable":true,"href":"https:\/\/stadt.jusosbamberg.de\/index.php?rest_route=%2Fwp%2Fv2%2Fcomments&post=628"}],"version-history":[{"count":0,"href":"https:\/\/stadt.jusosbamberg.de\/index.php?rest_route=\/wp\/v2\/posts\/628\/revisions"}],"wp:featuredmedia":[{"embeddable":true,"href":"https:\/\/stadt.jusosbamberg.de\/index.php?rest_route=\/wp\/v2\/media\/631"}],"wp:attachment":[{"href":"https:\/\/stadt.jusosbamberg.de\/index.php?rest_route=%2Fwp%2Fv2%2Fmedia&parent=628"}],"wp:term":[{"taxonomy":"category","embeddable":true,"href":"https:\/\/stadt.jusosbamberg.de\/index.php?rest_route=%2Fwp%2Fv2%2Fcategories&post=628"},{"taxonomy":"post_tag","embeddable":true,"href":"https:\/\/stadt.jusosbamberg.de\/index.php?rest_route=%2Fwp%2Fv2%2Ftags&post=628"}],"curies":[{"name":"wp","href":"https:\/\/api.w.org\/{rel}","templated":true}]}}