{"id":693,"date":"2014-02-11T15:36:47","date_gmt":"2014-02-11T14:36:47","guid":{"rendered":"http:\/\/jusosbamberg.wordpress.com\/?p=693"},"modified":"2014-02-11T15:36:47","modified_gmt":"2014-02-11T14:36:47","slug":"die-stadt-gehort-allen","status":"publish","type":"post","link":"https:\/\/stadt.jusosbamberg.de\/?p=693","title":{"rendered":"Die Stadt geh\u00f6rt allen!"},"content":{"rendered":"<p>\t\t\t\t<strong>Am 16.3.2014 ist Kommunalwahl in Bayern. Auch die B\u00fcrger*innen der Stadt Bamberg w\u00e4hlen an diesem Tag einen neuen Stadtrat. Um die 44 Pl\u00e4tze bewerben sich auch drei Jungsozialist*innen.<\/strong><\/p>\n<p>Sophia, Andreas und Yasin sind unsere Kandidat*innen f\u00fcr die Wahl zum Stadtrat am 16. M\u00e4rz. Damit stehen auf der Liste der Bamberger Sozialdemokrat*innen diesmal auch aktive Bamberger Jusos.<\/p>\n<p>Das j\u00fcngste Mitglied des amtierenden Bamberger Stadtrats ist 1979 geboren und das Durchschnittsalter der 2008 gew\u00e4hlten Mitglieder ist 56,9 Jahre. Das macht deutlich: Der Bamberger Stadtrat braucht dringend eine Verj\u00fcngung. Dieses Problem macht sich nicht nur statistisch bemerkbar. Auch die Politik des Stadtrats ging in den vergangenen Jahre oft an den Interessen insbesondere der j\u00fcngeren B\u00fcrger*innen Bambergs vorbei. Alkoholverbot, Sperrstunde und die sich daraus ergebenden Folgen f\u00fcr die Clubkultur und die Kulturpolitik sind nur einige der Themen, die insbesondere jungen Bamberger B\u00fcrger*innen in den letzten Jahren sauer aufgesto\u00dfen sind. Um diese Umst\u00e4nde zu \u00e4ndern, treten auf der Liste der Bamberger Sozialdemokrat*innen dieses Mal zur Kommunalwahl am 16. M\u00e4rz drei aktive Jungsozialist*innen an.<br \/>\nSophia L\u00f6sche studiert in Bamberg seit 2010 Germanistik. Sie ist Vorstandsmitglied des AStA e.V. Bamberg &#8211; u.a. Tr\u00e4ger des Kontaktfestivals und des festivals contre le racisme &#8211; und seit 2008 bei den Jusos aktiv. Schwerpunkte ihrer politischen Arbeit sind Hochschul-, Gleichstellungs- und Kulturpolitik. Sie war Mitglied im Stadtbeirat zum Thema Sperrzeit und sitzt f\u00fcr die Studierendenvertretung im Runden Tisch, der sich nach der Demonstration &#8222;Kultur braucht Zeit&#8220; im Sommer gebildet hat.<br \/>\nAndreas Lehrl lebt seit 2009 in Bamberg. Er arbeitet als Meister f\u00fcr Metallblasinstrumentenbau, ist verheiratet und vor kurzem zum ersten Mal Vater geworden. In der Politik ist er ebenfalls seit 2008 aktiv und bereits seit einigen Jahren Vorsitzender der Bamberger Jusos. Seine politischen Schwerpunkte sind Wirtschafts- und Au\u00dfenpolitik. Als junger Familienvater sieht er sich als tats\u00e4chlicher Vertreter der &#8222;Jungen Familien&#8220;, die zur Zeit in jedem Wahlprogramm beschworen werden, aber im Stadtrat bis jetzt auch kaum vertreten sind.<br \/>\nYasin Cetin studiert in Bamberg seit 2011. Er ist Sprecher der bayerischen Juso-Hochschulgruppen und aktives Mitglied der Studierendenvertretung der Uni Bamberg. Bei den Jusos ist er ebenfalls seit 2008 aktiv. Schwerpunkte seiner Arbeit sind Hochschul-, Bildungs- und Sozialpolitik. Als Lehramtsstudent ist er zus\u00e4tzlich bei der Gewerkschaft f\u00fcr Erziehung und Wissenschaft und dem Bayerischen Lehrerinnen und Lehrerverband engagiert. Auf Landesebene konnte er vor allem durch die Mobilisierung f\u00fcr die Abschaffung der Studiengeb\u00fchren Erfolge verbuchen.<\/p>\n<p>Gemeinsam wollen die drei den Stadtrat nicht nur statistisch verj\u00fcngern, sondern tats\u00e4chlich frische Ideen und Mut zu neuen Alternativen in die Stadtpolitik tragen. Sie stehen f\u00fcr eine Stadt, in der Verbote die Ausnahme bleiben sollen und nicht der Willk\u00fcrpolitik des Ordnungsamtes die T\u00fcr \u00f6ffnen. Au\u00dferdem fordern sie eine neue Kulturpolitik, in der nicht nur die sogenannte &#8222;Hochkultur&#8220; und Gro\u00dfveranstaltungen, sondern auch non-kommerzielle K\u00fcnstler*innen ihren Platz finden k\u00f6nnen. Auflagen f\u00fcr Veranstaltungen m\u00fcssen transparent und erf\u00fcllbar gestaltet werden. Der \u00f6ffentliche Raum muss grunds\u00e4tzlich allen zur Verf\u00fcgung stehen, damit Bamberg nicht zu einem Museum wird, sondern attraktiv und lebenswert f\u00fcr alle Generationen bleibt. Es braucht endlich jungen, frischen Wind, um den Staub aus dem Filz der Stadtpolitik zu vertreiben.<br \/>\nDeshalb: Drei Stimmen jeweils f\u00fcr Platz 8, Platz 27 und Platz 43 auf Liste 2!<\/p>\n<p>Mehr \u00fcber unsere Kandidat*innen erfahrt ihr <a href=\"http:\/\/jusosbamberg.wordpress.com\/kommunalwahl\/\">hier<\/a> oder auf <a href=\"https:\/\/www.facebook.com\/stadtneudenken\">facebook. <\/a><\/p>\n<p><a href=\"http:\/\/jusosbamberg.files.wordpress.com\/2014\/02\/img_0685.jpg\"><img data-recalc-dims=\"1\" fetchpriority=\"high\" decoding=\"async\" class=\"aligncenter size-medium wp-image-695\" alt=\"IMG_0685\" src=\"http:\/\/jusosbamberg.files.wordpress.com\/2014\/02\/img_0685.jpg?w=300&#038;resize=300%2C200\" width=\"300\" height=\"200\" srcset=\"https:\/\/i0.wp.com\/stadt.jusosbamberg.de\/wp-content\/uploads\/2014\/02\/img_0685.jpg?w=3888&amp;ssl=1 3888w, https:\/\/i0.wp.com\/stadt.jusosbamberg.de\/wp-content\/uploads\/2014\/02\/img_0685.jpg?resize=300%2C200&amp;ssl=1 300w, https:\/\/i0.wp.com\/stadt.jusosbamberg.de\/wp-content\/uploads\/2014\/02\/img_0685.jpg?resize=768%2C512&amp;ssl=1 768w, https:\/\/i0.wp.com\/stadt.jusosbamberg.de\/wp-content\/uploads\/2014\/02\/img_0685.jpg?resize=1024%2C683&amp;ssl=1 1024w, https:\/\/i0.wp.com\/stadt.jusosbamberg.de\/wp-content\/uploads\/2014\/02\/img_0685.jpg?resize=830%2C553&amp;ssl=1 830w, https:\/\/i0.wp.com\/stadt.jusosbamberg.de\/wp-content\/uploads\/2014\/02\/img_0685.jpg?resize=230%2C153&amp;ssl=1 230w, https:\/\/i0.wp.com\/stadt.jusosbamberg.de\/wp-content\/uploads\/2014\/02\/img_0685.jpg?resize=350%2C233&amp;ssl=1 350w, https:\/\/i0.wp.com\/stadt.jusosbamberg.de\/wp-content\/uploads\/2014\/02\/img_0685.jpg?resize=480%2C320&amp;ssl=1 480w, https:\/\/i0.wp.com\/stadt.jusosbamberg.de\/wp-content\/uploads\/2014\/02\/img_0685.jpg?w=2340&amp;ssl=1 2340w, https:\/\/i0.wp.com\/stadt.jusosbamberg.de\/wp-content\/uploads\/2014\/02\/img_0685.jpg?w=3510&amp;ssl=1 3510w\" sizes=\"(max-width: 300px) 100vw, 300px\" \/><\/a>\t\t<\/p>\n","protected":false},"excerpt":{"rendered":"<p>Am 16.3.2014 ist Kommunalwahl in Bayern. Auch die B\u00fcrger*innen der Stadt Bamberg w\u00e4hlen an diesem Tag einen neuen Stadtrat. Um die 44 [&hellip;]<\/p>\n","protected":false},"author":2,"featured_media":687,"comment_status":"open","ping_status":"open","sticky":false,"template":"","format":"standard","meta":{"_jetpack_memberships_contains_paid_content":false,"footnotes":""},"categories":[3,13,15,16],"tags":[25,70,73,109,129],"class_list":["post-693","post","type-post","status-publish","format-standard","has-post-thumbnail","hentry","category-bamberg","category-jusos","category-kommunales","category-kommunalwahl","tag-andreas-lehrl","tag-kommunalwahl-2014","tag-kulturpolitik","tag-sophia-losche","tag-yasin-cetin"],"jetpack_featured_media_url":"https:\/\/i0.wp.com\/stadt.jusosbamberg.de\/wp-content\/uploads\/2014\/01\/1800968_10201691641667891_859409201_n.jpg?fit=960%2C679&ssl=1","jetpack_sharing_enabled":true,"_links":{"self":[{"href":"https:\/\/stadt.jusosbamberg.de\/index.php?rest_route=\/wp\/v2\/posts\/693","targetHints":{"allow":["GET"]}}],"collection":[{"href":"https:\/\/stadt.jusosbamberg.de\/index.php?rest_route=\/wp\/v2\/posts"}],"about":[{"href":"https:\/\/stadt.jusosbamberg.de\/index.php?rest_route=\/wp\/v2\/types\/post"}],"author":[{"embeddable":true,"href":"https:\/\/stadt.jusosbamberg.de\/index.php?rest_route=\/wp\/v2\/users\/2"}],"replies":[{"embeddable":true,"href":"https:\/\/stadt.jusosbamberg.de\/index.php?rest_route=%2Fwp%2Fv2%2Fcomments&post=693"}],"version-history":[{"count":0,"href":"https:\/\/stadt.jusosbamberg.de\/index.php?rest_route=\/wp\/v2\/posts\/693\/revisions"}],"wp:featuredmedia":[{"embeddable":true,"href":"https:\/\/stadt.jusosbamberg.de\/index.php?rest_route=\/wp\/v2\/media\/687"}],"wp:attachment":[{"href":"https:\/\/stadt.jusosbamberg.de\/index.php?rest_route=%2Fwp%2Fv2%2Fmedia&parent=693"}],"wp:term":[{"taxonomy":"category","embeddable":true,"href":"https:\/\/stadt.jusosbamberg.de\/index.php?rest_route=%2Fwp%2Fv2%2Fcategories&post=693"},{"taxonomy":"post_tag","embeddable":true,"href":"https:\/\/stadt.jusosbamberg.de\/index.php?rest_route=%2Fwp%2Fv2%2Ftags&post=693"}],"curies":[{"name":"wp","href":"https:\/\/api.w.org\/{rel}","templated":true}]}}