{"id":835,"date":"2016-08-04T13:43:34","date_gmt":"2016-08-04T11:43:34","guid":{"rendered":"http:\/\/stadt.jusosbamberg.de\/?p=835"},"modified":"2016-08-04T13:43:34","modified_gmt":"2016-08-04T11:43:34","slug":"pressemitteilung-jusos-bamberg-stadt-missbilligen-vorgehen-der-stadt-bamberg-gegen-das-protestcamp","status":"publish","type":"post","link":"https:\/\/stadt.jusosbamberg.de\/?p=835","title":{"rendered":"Pressemitteilung: Jusos Bamberg-Stadt missbilligen Vorgehen der Stadt Bamberg gegen das Protestcamp"},"content":{"rendered":"<p>\t\t\t\tIm Laufe des gestrigen Mittwochs, den 03.08 zeichnete sich endg\u00fcltig ab, dass den Organisator_innen des Protestcamps Bamberg solidarity4all eine Durchf\u00fchrung ihres Protestes gegen das Bamberger Abschiebelager in geplanter Form verunm\u00f6glicht werden soll. Nicht nur, dass keine Wiese f\u00fcr \u00dcbernachtungen genehmigt wurde, laut der Organisator_innen sollen nun auch die bereits genehmigten Demonstrationen aus der Innenstadt an den Stadtrand verbannt werden. Dies folgt der gleichen Logik wie die Platzierung des Lagers: Aus den Augen, aus dem Sinn.<\/p>\n<p>\u201eWir sind stark verwundert, dass dem Protestcamp von Seiten der Stadt keine echte M\u00f6glichkeit mehr zur Durchf\u00fchrung in geplanter Form gegeben wird\u201c sagt Raymond Beuschel, Vorsitzender der Jusos Bamberg-Stadt. \u201eAls wir Organisator_innen vom Protestcamp bei den Jusos zu einem Informationsgespr\u00e4ch hatten, fanden wir, dass ihr Auftreten freundlich, seri\u00f6s, sehr offen und organisiert war. Die Organisator_innen machten mehrmals deutlich, dass es ihnen an einem friedlichen sowie friedvollen Protest gelegen ist, der alleine die Aufmerksamkeit auf die Zust\u00e4nde im Abschiebelager lenken soll\u201c so Raymond Beuschel weiter.<\/p>\n<p>Die Jusos Bamberg-Stadt sind daher sehr verwundert, dass nun der Protest erschwert, unsichtbar und sogar in weiten Teilen unm\u00f6glich gemacht werden soll. Wir k\u00f6nnen das Handeln der Stadt Bamberg in keiner Weise nachvollziehen. Die Stadt Bamberg l\u00e4sst hier unseres Erachtens ein doch eher ein zweifelhaftes Demokratie- und Pluralismusverst\u00e4ndnis erkennen. Vielmehr wird versucht, jegliche prinzipielle Kritik am Abschiebelager sowie an den Zust\u00e4nden darin mit allen Mitteln zu verhindern. Ein demokratischer Staat lebt gerade durch die sichtbare, \u00f6ffentliche Debatte und Diskurs! Es ist der unverr\u00fcckbare Wesenskern der Demokratie kritische Stimmen zu h\u00f6ren und zu zulassen!<\/p>\n<p>Die Jusos Bamberg-Stadt fordern daher, dass den Organisator_innen die Durchf\u00fchrung ihres Protestcamps vom 04.08 bis zum 07.08 seitens der Stadt erm\u00f6glicht wird und ihnen ihr Grundrecht auf freie Meinungs\u00e4u\u00dferung und Wahrnehmung der Versammlungsfreiheit im vollen Umfang gew\u00e4hrt wird.<\/p>\n<p>&nbsp;<\/p>\n<p>Kontakt:\u00a0jusos@spd-bamberg.de\t\t<\/p>\n","protected":false},"excerpt":{"rendered":"<p>Im Laufe des gestrigen Mittwochs, den 03.08 zeichnete sich endg\u00fcltig ab, dass den Organisator_innen des Protestcamps Bamberg solidarity4all eine Durchf\u00fchrung ihres Protestes [&hellip;]<\/p>\n","protected":false},"author":2,"featured_media":836,"comment_status":"open","ping_status":"open","sticky":false,"template":"","format":"standard","meta":{"_jetpack_memberships_contains_paid_content":false,"footnotes":""},"categories":[1],"tags":[],"class_list":["post-835","post","type-post","status-publish","format-standard","has-post-thumbnail","hentry","category-allgemein"],"jetpack_featured_media_url":"https:\/\/i0.wp.com\/stadt.jusosbamberg.de\/wp-content\/uploads\/2016\/08\/asylum-1262370_640.jpg?fit=640%2C452&ssl=1","jetpack_sharing_enabled":true,"_links":{"self":[{"href":"https:\/\/stadt.jusosbamberg.de\/index.php?rest_route=\/wp\/v2\/posts\/835","targetHints":{"allow":["GET"]}}],"collection":[{"href":"https:\/\/stadt.jusosbamberg.de\/index.php?rest_route=\/wp\/v2\/posts"}],"about":[{"href":"https:\/\/stadt.jusosbamberg.de\/index.php?rest_route=\/wp\/v2\/types\/post"}],"author":[{"embeddable":true,"href":"https:\/\/stadt.jusosbamberg.de\/index.php?rest_route=\/wp\/v2\/users\/2"}],"replies":[{"embeddable":true,"href":"https:\/\/stadt.jusosbamberg.de\/index.php?rest_route=%2Fwp%2Fv2%2Fcomments&post=835"}],"version-history":[{"count":0,"href":"https:\/\/stadt.jusosbamberg.de\/index.php?rest_route=\/wp\/v2\/posts\/835\/revisions"}],"wp:featuredmedia":[{"embeddable":true,"href":"https:\/\/stadt.jusosbamberg.de\/index.php?rest_route=\/wp\/v2\/media\/836"}],"wp:attachment":[{"href":"https:\/\/stadt.jusosbamberg.de\/index.php?rest_route=%2Fwp%2Fv2%2Fmedia&parent=835"}],"wp:term":[{"taxonomy":"category","embeddable":true,"href":"https:\/\/stadt.jusosbamberg.de\/index.php?rest_route=%2Fwp%2Fv2%2Fcategories&post=835"},{"taxonomy":"post_tag","embeddable":true,"href":"https:\/\/stadt.jusosbamberg.de\/index.php?rest_route=%2Fwp%2Fv2%2Ftags&post=835"}],"curies":[{"name":"wp","href":"https:\/\/api.w.org\/{rel}","templated":true}]}}